{"id":5333,"date":"2025-05-11T20:26:31","date_gmt":"2025-05-11T18:26:31","guid":{"rendered":"https:\/\/www.villesen.dk\/?p=5333"},"modified":"2025-07-17T23:59:10","modified_gmt":"2025-07-17T21:59:10","slug":"albanien-mas-og-ras","status":"publish","type":"post","link":"https:\/\/villesen.synology.me\/wordpress\/forside\/albanien-mas-og-ras\/","title":{"rendered":"Albanien (Mas og Ras)"},"content":{"rendered":"\n<p><strong>Vores tur til Albanien \ud83c\udde6\ud83c\uddf1<\/strong><\/p>\n\n\n\n<p>Et far-s\u00f8n-eventyr gennem bjerge, bugter og byer<\/p>\n\n\n\n<p>I maj 2025 tog vi p\u00e5 en uforglemmelig rejse gennem Albanien \u2013 et land fyldt med vilde landskaber, krystalklart vand, gamle f\u00e6stninger og venlige mennesker. Fra bjergvandring i Theth og f\u00e6rgetur gennem Koman-s\u00f8en til vinmarker i Berat og strandliv ved Sarand\u00eb.<\/p>\n\n\n\n<p>Undervejs blev der spillet skak med lokale, fors\u00f8gt at snige sig til \u201chemmelige strande\u201d, lavet tatovering, drukket (en smule) vin og nydt albansk mad i alle afskygninger. Det her er vores fort\u00e6lling \u2013 <strong>fra asfalt til \u00e6selsti, fra Nutella-konfiskation til kold raki<\/strong>. En ferie, vi sent glemmer.<\/p>\n\n\n\n<div class=\"wp-block-buttons is-layout-flex wp-block-buttons-is-layout-flex\">\n<div class=\"wp-block-button has-custom-font-size has-medium-font-size\"><a class=\"wp-block-button__link has-vivid-cyan-blue-background-color has-background wp-element-button\" href=\"https:\/\/villesen.synology.me\/wordpress\/index.php\/category\/albanien-mas-og-ras\/\" style=\"border-radius:0px\">G\u00e5 til blog<\/a><\/div>\n<\/div>\n\n\n\n<p><\/p>\n","protected":false},"excerpt":{"rendered":"<p>Vores tur til Albanien \ud83c\udde6\ud83c\uddf1 Et far-s\u00f8n-eventyr gennem bjerge, bugter og byer I maj 2025 tog vi p\u00e5 en uforglemmelig rejse gennem Albanien \u2013 et land fyldt med vilde landskaber, krystalklart vand, gamle f\u00e6stninger og venlige mennesker. Fra bjergvandring i Theth og f\u00e6rgetur gennem Koman-s\u00f8en til vinmarker i Berat og strandliv ved Sarand\u00eb. Undervejs blev [&hellip;]<\/p>\n","protected":false},"author":1,"featured_media":5380,"comment_status":"open","ping_status":"open","sticky":false,"template":"","format":"standard","meta":{"footnotes":""},"categories":[5],"tags":[],"class_list":["post-5333","post","type-post","status-publish","format-standard","has-post-thumbnail","hentry","category-forside"],"_links":{"self":[{"href":"https:\/\/villesen.synology.me\/wordpress\/wp-json\/wp\/v2\/posts\/5333","targetHints":{"allow":["GET"]}}],"collection":[{"href":"https:\/\/villesen.synology.me\/wordpress\/wp-json\/wp\/v2\/posts"}],"about":[{"href":"https:\/\/villesen.synology.me\/wordpress\/wp-json\/wp\/v2\/types\/post"}],"author":[{"embeddable":true,"href":"https:\/\/villesen.synology.me\/wordpress\/wp-json\/wp\/v2\/users\/1"}],"replies":[{"embeddable":true,"href":"https:\/\/villesen.synology.me\/wordpress\/wp-json\/wp\/v2\/comments?post=5333"}],"version-history":[{"count":1,"href":"https:\/\/villesen.synology.me\/wordpress\/wp-json\/wp\/v2\/posts\/5333\/revisions"}],"predecessor-version":[{"id":5580,"href":"https:\/\/villesen.synology.me\/wordpress\/wp-json\/wp\/v2\/posts\/5333\/revisions\/5580"}],"wp:featuredmedia":[{"embeddable":true,"href":"https:\/\/villesen.synology.me\/wordpress\/wp-json\/wp\/v2\/media\/5380"}],"wp:attachment":[{"href":"https:\/\/villesen.synology.me\/wordpress\/wp-json\/wp\/v2\/media?parent=5333"}],"wp:term":[{"taxonomy":"category","embeddable":true,"href":"https:\/\/villesen.synology.me\/wordpress\/wp-json\/wp\/v2\/categories?post=5333"},{"taxonomy":"post_tag","embeddable":true,"href":"https:\/\/villesen.synology.me\/wordpress\/wp-json\/wp\/v2\/tags?post=5333"}],"curies":[{"name":"wp","href":"https:\/\/api.w.org\/{rel}","templated":true}]}}