{"id":4086,"date":"2024-11-18T15:58:30","date_gmt":"2024-11-18T14:58:30","guid":{"rendered":"https:\/\/www.villesen.dk\/?p=4086"},"modified":"2025-07-17T23:59:42","modified_gmt":"2025-07-17T21:59:42","slug":"brasilien-uden-b-2022","status":"publish","type":"post","link":"https:\/\/villesen.synology.me\/wordpress\/forside\/brasilien-uden-b-2022\/","title":{"rendered":"Brasilien uden B &#8211; 2022"},"content":{"rendered":"\n<p>P\u00e5 siden af k\u00f8leskabet h\u00e6nger 3 billeder: Et af Island, et fra Kilimanjaro og et fra Rio. Det er vores dr\u00f8mmerejser.&nbsp;<\/p>\n\n\n\n<p>Mens Bertel boltrer sig p\u00e5 efterskolen i Dronninglund, flyver Rasmus, Mads og jeg til Brasilien i november og december 2022.<\/p>\n\n\n\n<p>Vi har valgt hver vores destinationer: Jeg vil se Iguaz\u00fa-faldene, Mads vil til Manaus og se Amazonfloden og Rasmus dr\u00f8mmer om at g\u00e5 p\u00e5 opdagelse i Rio og opleve Kristus p\u00e5 toppen over byen. Det bliver en tur, som ogs\u00e5 viser os de politiske sider af landet, da vi kommer midt i valgets sidste uger: Bolsonaro vs Lula. Vi f\u00e5r ogs\u00e5 indblik i det komplekse forhold, brasilianerne har til deres natur og sidst men ikke mindst, m\u00f8der vi en masse mennesker, som er sp\u00e6ndende at tale med.<\/p>\n\n\n\n<p>Rasmus er lige fyldt 14 \u00e5r. Bertel er 16 \u00e5r og i Danmark.<\/p>\n\n\n\n<p>Turen varer 6 uger og udgifterne inkl. billeje, billetter, overnatninger og leje af det sk\u00f8nne hus i Rio l\u00f8ber op i ca. 120.000 kr.<\/p>\n\n\n\n<div class=\"wp-block-buttons is-layout-flex wp-block-buttons-is-layout-flex\">\n<div class=\"wp-block-button has-custom-font-size has-medium-font-size\"><a class=\"wp-block-button__link has-vivid-cyan-blue-background-color has-background wp-element-button\" href=\"https:\/\/villesen.synology.me\/wordpress\/index.php\/category\/brasilien-uden-b\/\" style=\"border-radius:0px\">G\u00e5 til blog<\/a><\/div>\n<\/div>\n\n\n\n<p><\/p>\n","protected":false},"excerpt":{"rendered":"<p>P\u00e5 siden af k\u00f8leskabet h\u00e6nger 3 billeder: Et af Island, et fra Kilimanjaro og et fra Rio. Det er vores dr\u00f8mmerejser.&nbsp; Mens Bertel boltrer sig p\u00e5 efterskolen i Dronninglund, flyver Rasmus, Mads og jeg til Brasilien i november og december 2022. Vi har valgt hver vores destinationer: Jeg vil se Iguaz\u00fa-faldene, Mads vil til Manaus [&hellip;]<\/p>\n","protected":false},"author":1,"featured_media":4070,"comment_status":"open","ping_status":"open","sticky":false,"template":"","format":"standard","meta":{"footnotes":""},"categories":[5],"tags":[],"class_list":["post-4086","post","type-post","status-publish","format-standard","has-post-thumbnail","hentry","category-forside"],"_links":{"self":[{"href":"https:\/\/villesen.synology.me\/wordpress\/wp-json\/wp\/v2\/posts\/4086","targetHints":{"allow":["GET"]}}],"collection":[{"href":"https:\/\/villesen.synology.me\/wordpress\/wp-json\/wp\/v2\/posts"}],"about":[{"href":"https:\/\/villesen.synology.me\/wordpress\/wp-json\/wp\/v2\/types\/post"}],"author":[{"embeddable":true,"href":"https:\/\/villesen.synology.me\/wordpress\/wp-json\/wp\/v2\/users\/1"}],"replies":[{"embeddable":true,"href":"https:\/\/villesen.synology.me\/wordpress\/wp-json\/wp\/v2\/comments?post=4086"}],"version-history":[{"count":1,"href":"https:\/\/villesen.synology.me\/wordpress\/wp-json\/wp\/v2\/posts\/4086\/revisions"}],"predecessor-version":[{"id":5581,"href":"https:\/\/villesen.synology.me\/wordpress\/wp-json\/wp\/v2\/posts\/4086\/revisions\/5581"}],"wp:featuredmedia":[{"embeddable":true,"href":"https:\/\/villesen.synology.me\/wordpress\/wp-json\/wp\/v2\/media\/4070"}],"wp:attachment":[{"href":"https:\/\/villesen.synology.me\/wordpress\/wp-json\/wp\/v2\/media?parent=4086"}],"wp:term":[{"taxonomy":"category","embeddable":true,"href":"https:\/\/villesen.synology.me\/wordpress\/wp-json\/wp\/v2\/categories?post=4086"},{"taxonomy":"post_tag","embeddable":true,"href":"https:\/\/villesen.synology.me\/wordpress\/wp-json\/wp\/v2\/tags?post=4086"}],"curies":[{"name":"wp","href":"https:\/\/api.w.org\/{rel}","templated":true}]}}