{"id":1797,"date":"2021-06-13T16:15:00","date_gmt":"2021-06-13T16:15:00","guid":{"rendered":"https:\/\/villesensrejseblog.wordpress.com\/?p=1797"},"modified":"2021-06-13T16:15:00","modified_gmt":"2021-06-13T16:15:00","slug":"corona-escape","status":"publish","type":"post","link":"https:\/\/villesen.synology.me\/wordpress\/4-ben-paa-mallorca\/corona-escape\/","title":{"rendered":"Corona escape"},"content":{"rendered":"\n<p>D. 12. juni 2021<\/p>\n\n\n\n<p>Rasmus og jeg rejser til Tyskland, nej Azorerne, nej Korsika, nej vi tager til Mallorca. Det er et gult land og s\u00e5 er det gult.<\/p>\n\n\n\n<p>Vi k\u00f8rer afsted og efterlader Bertel til en aleneweekend, han er glad, og Mads er p\u00e5 Spejdernes \u00d8, han er ogs\u00e5 glad.<\/p>\n\n\n\n<p>F\u00f8rste stop p\u00e5 vores episke rejse sammen, som vi har ventet s\u00e5 l\u00e6nge p\u00e5, er FLYVERGRILLEN i Kastrup. Vi har begge negativ PCR-test, s\u00e5 ind med os. Der er nu ikke mange fly at kigge p\u00e5, mens vi spiser pomfritter og grillkylling, s\u00e5 vi tager hjem til Christina og Thomas og ser 8 Mile og U-517 inden vi g\u00e5r i seng.<\/p>\n\n\n\n<p>David k\u00f8rer os s\u00f8ndag morgen kl. 03.45. Han har lavet kaffe med m\u00e6lk og s\u00e6tter os af som de eneste ved Kiss and Ride i Lufthavnen. Vi smutter igennem alle tjekpoints, vejret er ogs\u00e5 med os og inden vi f\u00e5r set os om, lander vi en halv time f\u00f8r tid i Palma. Varmen sl\u00e5r imod os, da vi kommer ud. Derfor falder alle gode grunde til jorden for at sl\u00e6be rundt p\u00e5 en stor gul p\u00f8lsetaske inde i Palma, selvom man kan sk\u00e6re godt \u00be af prisen ved at tage bussen fra centralstationen inde fra byen. Vi v\u00e6lger den nemme og dyre l\u00f8sning, for nu skal vi bare ud at se b\u00f8lger og i gang med ferie. Derfor kan vi ogs\u00e5 hoppe i en dejlig pool allerede kl. 10.15.<\/p>\n\n\n\n<p>Det er meget varmt og efter lidt badetid, er vi sultne. Det bliver til f\u00f8rste kendskab med \u00f8ens bikinier: eller andet ord for toast, der er sk\u00e5ret i trekanter: derfor associationen til bikinien???<\/p>\n\n\n\n<p>Eftermiddagen tilbringes med f\u00f8dderne oppe og hovedet nede under vandet. Vi snorkler, men sigtbarheden er ringe og bundforholdene pl\u00f8rede. Det bliver fedt, n\u00e5r vi skal rundt til andre mere stenede strande. Resultatet er en muslingeskal og nye bekendtskaber med sm\u00e5 eremitkrebs, som vi selvf\u00f8lgelig ikke tager med ind. Der er intet skrald. Vi snorkler ude fra spidsen af Port d\u2019Alc\u00fadia, men m\u00e5 opgive det, da vi er bange for at blive fisket af m\u00e6nd med fiskest\u00e6nger.<\/p>\n\n\n\n<p>Jeg g\u00e5r tilbage med rygs\u00e6kken langs vandet, mens Rasmus skr\u00e5er indover. Han er god i vandet med en velfungerende snorkel. Der er et par turister i vandet fra Tyskland og Danmark, men det er ikke mange.<\/p>\n\n\n\n<p>Efter et par timers lur er vi p\u00e5 gaden igen. Kl. er 20.00 og temperaturen 31 grader. Rasmus shopper \u00f8konomisk og fornuftigt. Han skal solhat og solbriller, for solen bider og er skarp. Vi er allerede godt kogte, s\u00e5 i morgen er det p\u00e5 med solcreme, hat og briller, men ikke mundbind. Vi er undtaget for mundbind, n\u00e5r vi hiker, bader, spiser, drikker eller ryger. Derfor g\u00e5r langt de fleste ogs\u00e5 rundt permanent med en flaskevand eller en sm\u00f8g i h\u00e5nden.<\/p>\n\n\n\n<p>Aftensmad er l\u00e6kker salat og laks. Mmmm det er godt og let mad i varmen. Vi har aftalt, at vi i morgen tager br\u00f8d, ost, p\u00f8lse og mayo med p\u00e5 vandretur, samt oceaner af vand. Hiking Mallorca, here we come!<\/p>\n\n\n\n<p>Vi har ogs\u00e5 f\u00e5et mappen fra Penquin Travel. Det var IKKE en scam. Turen er rigtig nok og der er det fedeste kort med, men vi har OSMand med den lille bl\u00e5 prik, s\u00e5 vi skal nok klare os. Vi er en lille bl\u00e5 prik, og vi kan godt blive v\u00e6k, med det g\u00f8r vi ik\u00b4\u2026<\/p>\n\n\n\n<p><\/p>\n\n\n\n<p>Ingen billeder i dag. Det er simpelthen for varmt \ud83d\ude42<\/p>\n","protected":false},"excerpt":{"rendered":"<p>D. 12. juni 2021 Rasmus og jeg rejser til Tyskland, nej Azorerne, nej Korsika, nej vi tager til Mallorca. Det er et gult land og s\u00e5 er det gult. Vi k\u00f8rer afsted og efterlader Bertel til en aleneweekend, han er glad, og Mads er p\u00e5 Spejdernes \u00d8, han er ogs\u00e5 glad. F\u00f8rste stop p\u00e5 vores [&hellip;]<\/p>\n","protected":false},"author":1,"featured_media":3875,"comment_status":"open","ping_status":"open","sticky":false,"template":"","format":"standard","meta":{"footnotes":""},"categories":[6],"tags":[],"class_list":["post-1797","post","type-post","status-publish","format-standard","has-post-thumbnail","hentry","category-4-ben-paa-mallorca"],"_links":{"self":[{"href":"https:\/\/villesen.synology.me\/wordpress\/wp-json\/wp\/v2\/posts\/1797","targetHints":{"allow":["GET"]}}],"collection":[{"href":"https:\/\/villesen.synology.me\/wordpress\/wp-json\/wp\/v2\/posts"}],"about":[{"href":"https:\/\/villesen.synology.me\/wordpress\/wp-json\/wp\/v2\/types\/post"}],"author":[{"embeddable":true,"href":"https:\/\/villesen.synology.me\/wordpress\/wp-json\/wp\/v2\/users\/1"}],"replies":[{"embeddable":true,"href":"https:\/\/villesen.synology.me\/wordpress\/wp-json\/wp\/v2\/comments?post=1797"}],"version-history":[{"count":0,"href":"https:\/\/villesen.synology.me\/wordpress\/wp-json\/wp\/v2\/posts\/1797\/revisions"}],"wp:featuredmedia":[{"embeddable":true,"href":"https:\/\/villesen.synology.me\/wordpress\/wp-json\/wp\/v2\/media\/3875"}],"wp:attachment":[{"href":"https:\/\/villesen.synology.me\/wordpress\/wp-json\/wp\/v2\/media?parent=1797"}],"wp:term":[{"taxonomy":"category","embeddable":true,"href":"https:\/\/villesen.synology.me\/wordpress\/wp-json\/wp\/v2\/categories?post=1797"},{"taxonomy":"post_tag","embeddable":true,"href":"https:\/\/villesen.synology.me\/wordpress\/wp-json\/wp\/v2\/tags?post=1797"}],"curies":[{"name":"wp","href":"https:\/\/api.w.org\/{rel}","templated":true}]}}